{"id":2491,"date":"2022-02-04T17:09:41","date_gmt":"2022-02-04T16:09:41","guid":{"rendered":"http:\/\/www.windsurfing.pl\/wp\/?p=2491"},"modified":"2022-02-04T17:09:43","modified_gmt":"2022-02-04T16:09:43","slug":"unifiber-nowe-maszty-z-jednolitym-laczeniem","status":"publish","type":"post","link":"https:\/\/www.windsurfing.pl\/wp\/2022\/02\/unifiber-nowe-maszty-z-jednolitym-laczeniem\/","title":{"rendered":"Unifiber \u2013 nowe maszty z jednolitym \u0142\u0105czeniem"},"content":{"rendered":"\n<figure class=\"wp-block-image size-large\"><img decoding=\"async\" loading=\"lazy\" width=\"1024\" height=\"615\" src=\"https:\/\/www.windsurfing.pl\/wp\/wp-content\/uploads\/2022\/02\/m1-1024x615.jpg\" alt=\"\" class=\"wp-image-2492\" srcset=\"https:\/\/www.windsurfing.pl\/wp\/wp-content\/uploads\/2022\/02\/m1-1024x615.jpg 1024w, https:\/\/www.windsurfing.pl\/wp\/wp-content\/uploads\/2022\/02\/m1-300x180.jpg 300w, https:\/\/www.windsurfing.pl\/wp\/wp-content\/uploads\/2022\/02\/m1-768x461.jpg 768w, https:\/\/www.windsurfing.pl\/wp\/wp-content\/uploads\/2022\/02\/m1-1000x600.jpg 1000w, https:\/\/www.windsurfing.pl\/wp\/wp-content\/uploads\/2022\/02\/m1-450x270.jpg 450w, https:\/\/www.windsurfing.pl\/wp\/wp-content\/uploads\/2022\/02\/m1.jpg 1300w\" sizes=\"(max-width: 1024px) 100vw, 1024px\" \/><\/figure>\n\n\n\n<p>Firma <a href=\"http:\/\/unifiber.net\" target=\"_blank\" rel=\"noreferrer noopener\">Unifiber<\/a> postanowi\u0142a u\u0142atwi\u0107 \u017cycie windsurferom, kt\u00f3rym zale\u017cy na wi\u0119kszej kompatybilno\u015bci r\u00f3\u017cnych po\u0142\u00f3wek masztu. Od tej pory wszystkie nowe maszty <strong>Unifibera<\/strong> maj\u0105\u00a0\u0142\u0105czenie o tym samym rozmiarze, co umo\u017cliwia skompletowanie masztu z dw\u00f3ch zestaw\u00f3w o r\u00f3\u017cnej d\u0142ugo\u015bci, wadze lub charakterystyce ugi\u0119cia. Kompatybilno\u015b\u0107\u00a0\u0142\u0105cze\u0144 ogranicza jedynie typ \u015brednicy masztu \u2013 po\u0142\u00f3wki RDM b\u0119dzie mo\u017cna \u0142\u0105czy\u0107 z innymi po\u0142\u00f3wkami RDM, ale ju\u017c nie z SDM (podobnie zadzia\u0142a to w drug\u0105\u00a0stron\u0119).<\/p>\n\n\n\n<figure class=\"wp-block-image size-large\"><img decoding=\"async\" loading=\"lazy\" width=\"1024\" height=\"1024\" src=\"https:\/\/www.windsurfing.pl\/wp\/wp-content\/uploads\/2022\/02\/m2-1024x1024.jpg\" alt=\"\" class=\"wp-image-2493\" srcset=\"https:\/\/www.windsurfing.pl\/wp\/wp-content\/uploads\/2022\/02\/m2-1024x1024.jpg 1024w, https:\/\/www.windsurfing.pl\/wp\/wp-content\/uploads\/2022\/02\/m2-300x300.jpg 300w, https:\/\/www.windsurfing.pl\/wp\/wp-content\/uploads\/2022\/02\/m2-150x150.jpg 150w, https:\/\/www.windsurfing.pl\/wp\/wp-content\/uploads\/2022\/02\/m2-768x768.jpg 768w, https:\/\/www.windsurfing.pl\/wp\/wp-content\/uploads\/2022\/02\/m2-80x80.jpg 80w, https:\/\/www.windsurfing.pl\/wp\/wp-content\/uploads\/2022\/02\/m2.jpg 1080w\" sizes=\"(max-width: 1024px) 100vw, 1024px\" \/><\/figure>\n\n\n\n<p>Dzi\u0119ki standaryzacji \u0142\u0105cze\u0144, nazwanej przez producenta <strong>Universal Ferrule System<\/strong>, mo\u017cliwe jest skompletowanie masztu sk\u0142adaj\u0105cego si\u0119\u00a0np. z bardziej wytrzyma\u0142ej\u00a0bazy\u00a0modelu HD RDM C75 z super lekkim topem modelu Elite RDM C100. R\u00f3wnie\u017c w przypadku jakiej\u015b awarii korzystniej b\u0119dzie zast\u0105pi\u0107\u00a0uszkodzon\u0105\u00a0po\u0142\u00f3wk\u0119, bez potrzeby wymiany odrazu ca\u0142ego masztu.\u00a0<\/p>\n\n\n\n<p>Nowe modele maszt\u00f3w <strong>Unifibera<\/strong> pojawi\u0105 si\u0119\u00a0u polskiego dystrybutora <a href=\"http:\/\/Easy-surfshop.pl\" target=\"_blank\" rel=\"noreferrer noopener\">Easy-surfshop.pl<\/a> w okolicach wiosny tego roku.\u00a0<\/p>\n","protected":false},"excerpt":{"rendered":"<p>Firma Unifiber postanowi\u0142a u\u0142atwi\u0107 \u017cycie windsurferom, kt\u00f3rym zale\u017cy na wi\u0119kszej kompatybilno\u015bci r\u00f3\u017cnych po\u0142\u00f3wek masztu. Od tej pory wszystkie nowe maszty Unifibera maj\u0105\u00a0\u0142\u0105czenie o tym samym rozmiarze, co umo\u017cliwia skompletowanie masztu z dw\u00f3ch zestaw\u00f3w o r\u00f3\u017cnej d\u0142ugo\u015bci, wadze lub charakterystyce ugi\u0119cia. Kompatybilno\u015b\u0107\u00a0\u0142\u0105cze\u0144 ogranicza jedynie typ \u015brednicy masztu \u2013 po\u0142\u00f3wki RDM b\u0119dzie mo\u017cna \u0142\u0105czy\u0107 z innymi po\u0142\u00f3wkami [&hellip;]<\/p>\n","protected":false},"author":3,"featured_media":2492,"comment_status":"open","ping_status":"open","sticky":false,"template":"","format":"standard","meta":{"_mi_skip_tracking":false,"_monsterinsights_sitenote_active":false,"_monsterinsights_sitenote_note":"","_monsterinsights_sitenote_category":0},"categories":[1],"tags":[257,157,7],"aioseo_notices":[],"_links":{"self":[{"href":"https:\/\/www.windsurfing.pl\/wp\/wp-json\/wp\/v2\/posts\/2491"}],"collection":[{"href":"https:\/\/www.windsurfing.pl\/wp\/wp-json\/wp\/v2\/posts"}],"about":[{"href":"https:\/\/www.windsurfing.pl\/wp\/wp-json\/wp\/v2\/types\/post"}],"author":[{"embeddable":true,"href":"https:\/\/www.windsurfing.pl\/wp\/wp-json\/wp\/v2\/users\/3"}],"replies":[{"embeddable":true,"href":"https:\/\/www.windsurfing.pl\/wp\/wp-json\/wp\/v2\/comments?post=2491"}],"version-history":[{"count":1,"href":"https:\/\/www.windsurfing.pl\/wp\/wp-json\/wp\/v2\/posts\/2491\/revisions"}],"predecessor-version":[{"id":2494,"href":"https:\/\/www.windsurfing.pl\/wp\/wp-json\/wp\/v2\/posts\/2491\/revisions\/2494"}],"wp:featuredmedia":[{"embeddable":true,"href":"https:\/\/www.windsurfing.pl\/wp\/wp-json\/wp\/v2\/media\/2492"}],"wp:attachment":[{"href":"https:\/\/www.windsurfing.pl\/wp\/wp-json\/wp\/v2\/media?parent=2491"}],"wp:term":[{"taxonomy":"category","embeddable":true,"href":"https:\/\/www.windsurfing.pl\/wp\/wp-json\/wp\/v2\/categories?post=2491"},{"taxonomy":"post_tag","embeddable":true,"href":"https:\/\/www.windsurfing.pl\/wp\/wp-json\/wp\/v2\/tags?post=2491"}],"curies":[{"name":"wp","href":"https:\/\/api.w.org\/{rel}","templated":true}]}}