{"id":2008,"date":"2021-05-17T15:46:36","date_gmt":"2021-05-17T13:46:36","guid":{"rendered":"http:\/\/www.windsurfing.pl\/wp\/?p=2008"},"modified":"2021-05-17T15:46:38","modified_gmt":"2021-05-17T13:46:38","slug":"gps-speedsurfing-poland","status":"publish","type":"post","link":"https:\/\/www.windsurfing.pl\/wp\/2021\/05\/gps-speedsurfing-poland\/","title":{"rendered":"GPS Speedsurfing Poland"},"content":{"rendered":"\n<figure class=\"wp-block-image size-large\"><img decoding=\"async\" loading=\"lazy\" width=\"1000\" height=\"600\" src=\"https:\/\/www.windsurfing.pl\/wp\/wp-content\/uploads\/2021\/05\/Speed-mroz.jpg\" alt=\"\" class=\"wp-image-2009\" srcset=\"https:\/\/www.windsurfing.pl\/wp\/wp-content\/uploads\/2021\/05\/Speed-mroz.jpg 1000w, https:\/\/www.windsurfing.pl\/wp\/wp-content\/uploads\/2021\/05\/Speed-mroz-300x180.jpg 300w, https:\/\/www.windsurfing.pl\/wp\/wp-content\/uploads\/2021\/05\/Speed-mroz-768x461.jpg 768w, https:\/\/www.windsurfing.pl\/wp\/wp-content\/uploads\/2021\/05\/Speed-mroz-450x270.jpg 450w\" sizes=\"(max-width: 1000px) 100vw, 1000px\" \/><\/figure>\n\n\n\n<p>Od tego roku polscy windsurferzy mog\u0105 wzi\u0105\u0107 udzia\u0142\u00a0w nowej formule zawod\u00f3w w speedsurfingu, kt\u00f3r\u0105 przygotowali jedni z naszych najszybszych zawodnik\u00f3w. Na czym polegaj\u0105 i co nale\u017cy zrobi\u0107, by wzi\u0105\u0107 w nich udzia\u0142, opowie Wam <strong>Adam Mr\u00f3z<\/strong>:<\/p>\n\n\n\n<p>Od wiosny tego roku z inicjatywy i pomys\u0142u <strong>Jakuba Sa\u0142ka \u201eOszi\u201d,<\/strong> za\u0142o\u017cyli\u015bmy ze <strong>S\u0142awkiem Zieli\u0144skim<\/strong> fanpage na facebooku \u201e<a href=\"https:\/\/www.facebook.com\/GPS-speedsurfing-Poland-102697621782911\" target=\"_blank\" rel=\"noreferrer noopener\">GPS speedsurfing Poland<\/a>\u201d i powi\u0105zan\u0105 z nim stron\u0119 <a href=\"https:\/\/gpsspeedsurfingpol.wixsite.com\/ggps-1\">https:\/\/gpsspeedsurfingpol.wixsite.com\/ggps-1<\/a> \u00a0 Za cel postawili\u015bmy sobie publikowanie wszystkich windsurfingowych rekord\u00f3w Polak\u00f3w rejestrowanych za pomoc\u0105 GPS-\u00f3w i potwierdzonych na \u015bwiatowej stronie <a href=\"http:\/\/www.gps-speedsurfing.com\/\">www.gps-speedsurfing.com<\/a> , a tak\u017ce organizowanie r\u00f3\u017cnych zawod\u00f3w speedowych. I tak, od 1 marca wystartowali\u015bmy z konkursem \u201e<strong>King 4 SPEED<\/strong>\u201d na wodach ca\u0142ego \u015bwiata, gdzie Polacy rywalizuj\u0105 w \u015brednich pr\u0119dko\u015bciach z 2s, 5x10s, alpha500 i 1h. W tych zawodach stawiamy na wszechstronno\u015b\u0107 speedow\u0105 i rozw\u00f3j zawodnika gdzie liczy si\u0119 nie tylko gaz na prostej ale te\u017c pr\u0119dko\u015b\u0107 w rufie, przyspieszenie po zwrocie jak i umiej\u0119tno\u015b\u0107 szybkiego p\u0142ywania na d\u0142u\u017cszym dystansie. Drugi turniej ruszy\u0142 od 1 maja \u201e<strong>GPS Polish Speed Challange 2021<\/strong>&#8221; i nawi\u0105zuje do dobrej wieloletniej tradycji <strong>GPS Speed Master<\/strong> gdzie na wodach Polski liczymy\u00a0 tylko najlepsz\u0105 \u015bredni\u0105 5x10s.\u00a0 W zawodach mo\u017ce bra\u0107\u00a0 udzia\u0142 ka\u017cdy kto zarejestruje sesje na wodzie gpsem i wy\u015ble nam plik albo link do sesji na FB albo maila. \u00a0<\/p>\n\n\n\n<p>W planach na ten rok mamy jeszcze zorganizowanie jednodniowych zawod\u00f3w speed na prognoz\u0119 na jeziorze Gardno gdzie wy\u0142onimy <strong>Championa Speedu<\/strong> na 2021r. Na zach\u0119t\u0119 dodam, \u017ce zrobimy dwie klasyfikacje z podzia\u0142em na wag\u0119 do i powy\u017cej 75kg a Mistrzem zostanie zawodnik z najlepsz\u0105 \u015bredni\u0105 z 10s.<\/p>\n\n\n\n<p>Pozdrawiam<\/p>\n\n\n\n<p>King Of The Ice 2020\/21<\/p>\n\n\n\n<p>Adam Mr\u00f3z<\/p>\n","protected":false},"excerpt":{"rendered":"<p>Od tego roku polscy windsurferzy mog\u0105 wzi\u0105\u0107 udzia\u0142\u00a0w nowej formule zawod\u00f3w w speedsurfingu, kt\u00f3r\u0105 przygotowali jedni z naszych najszybszych zawodnik\u00f3w. Na czym polegaj\u0105 i co nale\u017cy zrobi\u0107, by wzi\u0105\u0107 w nich udzia\u0142, opowie Wam Adam Mr\u00f3z: Od wiosny tego roku z inicjatywy i pomys\u0142u Jakuba Sa\u0142ka \u201eOszi\u201d, za\u0142o\u017cyli\u015bmy ze S\u0142awkiem Zieli\u0144skim fanpage na facebooku \u201eGPS [&hellip;]<\/p>\n","protected":false},"author":3,"featured_media":2009,"comment_status":"open","ping_status":"open","sticky":false,"template":"","format":"standard","meta":{"_mi_skip_tracking":false,"_monsterinsights_sitenote_active":false,"_monsterinsights_sitenote_note":"","_monsterinsights_sitenote_category":0},"categories":[1],"tags":[168,167,7],"aioseo_notices":[],"_links":{"self":[{"href":"https:\/\/www.windsurfing.pl\/wp\/wp-json\/wp\/v2\/posts\/2008"}],"collection":[{"href":"https:\/\/www.windsurfing.pl\/wp\/wp-json\/wp\/v2\/posts"}],"about":[{"href":"https:\/\/www.windsurfing.pl\/wp\/wp-json\/wp\/v2\/types\/post"}],"author":[{"embeddable":true,"href":"https:\/\/www.windsurfing.pl\/wp\/wp-json\/wp\/v2\/users\/3"}],"replies":[{"embeddable":true,"href":"https:\/\/www.windsurfing.pl\/wp\/wp-json\/wp\/v2\/comments?post=2008"}],"version-history":[{"count":1,"href":"https:\/\/www.windsurfing.pl\/wp\/wp-json\/wp\/v2\/posts\/2008\/revisions"}],"predecessor-version":[{"id":2010,"href":"https:\/\/www.windsurfing.pl\/wp\/wp-json\/wp\/v2\/posts\/2008\/revisions\/2010"}],"wp:featuredmedia":[{"embeddable":true,"href":"https:\/\/www.windsurfing.pl\/wp\/wp-json\/wp\/v2\/media\/2009"}],"wp:attachment":[{"href":"https:\/\/www.windsurfing.pl\/wp\/wp-json\/wp\/v2\/media?parent=2008"}],"wp:term":[{"taxonomy":"category","embeddable":true,"href":"https:\/\/www.windsurfing.pl\/wp\/wp-json\/wp\/v2\/categories?post=2008"},{"taxonomy":"post_tag","embeddable":true,"href":"https:\/\/www.windsurfing.pl\/wp\/wp-json\/wp\/v2\/tags?post=2008"}],"curies":[{"name":"wp","href":"https:\/\/api.w.org\/{rel}","templated":true}]}}